{"id":2316,"date":"2015-09-16T19:31:51","date_gmt":"2015-09-16T16:31:51","guid":{"rendered":"http:\/\/www.rauhalahtiroadrunners.com\/?p=2316"},"modified":"2015-09-16T19:40:02","modified_gmt":"2015-09-16T16:40:02","slug":"vilnan-maraton-2015","status":"publish","type":"post","link":"https:\/\/www.rauhalahtiroadrunners.com\/?p=2316","title":{"rendered":"Vilnan maraton 2015"},"content":{"rendered":"<p>Liettuan Vilnassa juostiin maraton, puolikas ja 10 km su 13.9.2015. Keli oli pilvipoutainen, l\u00e4mp\u00f6tila startissa (klo 9) n. 12-13 ja iltap\u00e4iv\u00e4ll\u00e4 l\u00e4mp\u00f6 nousi jo yli 15 asteen auringon pilkahdellessa. Suomalaisia oli mukana n. 50. Tapahtuma oli hyvin j\u00e4rjestetty ja Vilna hieno turistikohde, mutta maratonp\u00e4iv\u00e4n tunnelman tummensi 15 km kohdalla sattunut sairauskohtaus, joka pitk\u00e4st\u00e4 elvytyksest\u00e4 huolimatta johti juoksijan kuolemaan \ud83d\ude41<\/p>\n<p>T\u00e4ss\u00e4 poimintoja maratonin tuloksista:<\/p>\n<p><span style=\"font-family: courier new,courier,monospace;\"><span style=\"text-decoration: underline;\">Nimi<\/span>\u00a0\u00a0\u00a0\u00a0\u00a0\u00a0\u00a0\u00a0\u00a0\u00a0\u00a0\u00a0\u00a0\u00a0\u00a0 <span style=\"text-decoration: underline;\">Sarja<\/span>\u00a0\u00a0\u00a0\u00a0\u00a0\u00a0<span style=\"text-decoration: underline;\">Aika<\/span>\u00a0\u00a0\u00a0\u00a0 <span style=\"text-decoration: underline;\">sijoitus (ik\u00e4ryhm\u00e4ss\u00e4)<\/span><\/span><\/p>\n<p><span style=\"font-family: courier new,courier,monospace;\">Veijo Korhonen\u00a0\u00a0\u00a0\u00a0\u00a0 M60\u00a0\u00a0\u00a0\u00a0\u00a0\u00a0\u00a0 3:35:44\u00a0\u00a0\u00a0\u00a0 2<\/span><br \/>\n<span style=\"font-family: courier new,courier,monospace;\">Eka Partanen\u00a0\u00a0\u00a0\u00a0\u00a0\u00a0\u00a0 M50\u00a0\u00a0\u00a0\u00a0\u00a0\u00a0\u00a0 3:44:09\u00a0\u00a0\u00a0 26<\/span><br \/>\n<span style=\"font-family: courier new,courier,monospace;\">Martti K\u00e4h\u00f6nen\u00a0\u00a0\u00a0\u00a0\u00a0 M60\u00a0\u00a0\u00a0\u00a0\u00a0\u00a0\u00a0 3:53:46\u00a0\u00a0\u00a0\u00a0 5<\/span><br \/>\n<span style=\"font-family: courier new,courier,monospace;\">Paavo Pajunen\u00a0\u00a0\u00a0\u00a0\u00a0\u00a0 M60\u00a0\u00a0\u00a0\u00a0\u00a0\u00a0\u00a0 4:10:02\u00a0\u00a0\u00a0 10<\/span><br \/>\n<span style=\"font-family: courier new,courier,monospace;\">Helena Aronen\u00a0\u00a0\u00a0\u00a0\u00a0\u00a0 N50\u00a0\u00a0\u00a0\u00a0\u00a0\u00a0\u00a0 4:37:24\u00a0\u00a0\u00a0\u00a0 6<\/span><br \/>\n<span style=\"font-family: courier new,courier,monospace;\">Markku Rantama\u00a0\u00a0\u00a0\u00a0 \u00a0M60\u00a0\u00a0\u00a0\u00a0\u00a0\u00a0\u00a0 DNS<\/span><\/p>\n<p>Kaikki tulokset l\u00f6yd\u00e4t <a href=\"http:\/\/www.vilniausmaratonas.lt\/en\/rezultatai\/\" target=\"_blank\">t\u00e4\u00e4lt\u00e4<\/a>.<\/p>\n<p>Kuvasatoa Markun kamerasta (147 kuvaa):<\/p>\n<table style=\"width: 194px;\">\n<tbody>\n<tr>\n<td style=\"height: 194px; background: url('https:\/\/www.gstatic.com\/pwa\/s\/v\/lighthousefe_20150907.00_p0\/transparent_album_background.gif') no-repeat left;\" align=\"center\"><a href=\"https:\/\/picasaweb.google.com\/110862520886183653495\/Vilna2015?authuser=0&amp;feat=embedwebsite\"><img loading=\"lazy\" decoding=\"async\" style=\"margin: 1px 0 0 4px;\" src=\"https:\/\/lh3.googleusercontent.com\/-F8B2URSvMtE\/VflxnhRiYjE\/AAAAAAAAUgs\/fZxU8cuhHLg\/s160-c-Ic42\/Vilna2015.jpg\" alt=\"\" width=\"160\" height=\"160\" \/><\/a><\/td>\n<\/tr>\n<tr>\n<td style=\"text-align: center; font-family: arial,sans-serif; font-size: 11px;\"><a style=\"color: #4d4d4d; font-weight: bold; text-decoration: none;\" href=\"https:\/\/picasaweb.google.com\/110862520886183653495\/Vilna2015?authuser=0&amp;feat=embedwebsite\">Vilna 2015<\/a><\/td>\n<\/tr>\n<\/tbody>\n<\/table>\n","protected":false},"excerpt":{"rendered":"<p>Liettuan Vilnassa juostiin maraton, puolikas ja 10 km su 13.9.2015. Keli oli pilvipoutainen, l\u00e4mp\u00f6tila startissa (klo 9) n. 12-13 ja iltap\u00e4iv\u00e4ll\u00e4 l\u00e4mp\u00f6 nousi jo yli 15 asteen auringon pilkahdellessa. Suomalaisia oli mukana n. 50. Tapahtuma oli hyvin j\u00e4rjestetty ja Vilna hieno turistikohde, mutta maratonp\u00e4iv\u00e4n tunnelman tummensi 15 km kohdalla sattunut sairauskohtaus, joka pitk\u00e4st\u00e4 elvytyksest\u00e4 huolimatta &#8230; <a title=\"Vilnan maraton 2015\" class=\"read-more\" href=\"https:\/\/www.rauhalahtiroadrunners.com\/?p=2316\" aria-label=\"Lue lis\u00e4\u00e4 aiheesta Vilnan maraton 2015\">Lue lis\u00e4\u00e4<\/a><\/p>\n","protected":false},"author":3,"featured_media":0,"comment_status":"closed","ping_status":"open","sticky":false,"template":"","format":"standard","meta":{"footnotes":""},"categories":[7],"tags":[],"class_list":["post-2316","post","type-post","status-publish","format-standard","hentry","category-juoksutapahtumat"],"_links":{"self":[{"href":"https:\/\/www.rauhalahtiroadrunners.com\/index.php?rest_route=\/wp\/v2\/posts\/2316","targetHints":{"allow":["GET"]}}],"collection":[{"href":"https:\/\/www.rauhalahtiroadrunners.com\/index.php?rest_route=\/wp\/v2\/posts"}],"about":[{"href":"https:\/\/www.rauhalahtiroadrunners.com\/index.php?rest_route=\/wp\/v2\/types\/post"}],"author":[{"embeddable":true,"href":"https:\/\/www.rauhalahtiroadrunners.com\/index.php?rest_route=\/wp\/v2\/users\/3"}],"replies":[{"embeddable":true,"href":"https:\/\/www.rauhalahtiroadrunners.com\/index.php?rest_route=%2Fwp%2Fv2%2Fcomments&post=2316"}],"version-history":[{"count":3,"href":"https:\/\/www.rauhalahtiroadrunners.com\/index.php?rest_route=\/wp\/v2\/posts\/2316\/revisions"}],"predecessor-version":[{"id":2320,"href":"https:\/\/www.rauhalahtiroadrunners.com\/index.php?rest_route=\/wp\/v2\/posts\/2316\/revisions\/2320"}],"wp:attachment":[{"href":"https:\/\/www.rauhalahtiroadrunners.com\/index.php?rest_route=%2Fwp%2Fv2%2Fmedia&parent=2316"}],"wp:term":[{"taxonomy":"category","embeddable":true,"href":"https:\/\/www.rauhalahtiroadrunners.com\/index.php?rest_route=%2Fwp%2Fv2%2Fcategories&post=2316"},{"taxonomy":"post_tag","embeddable":true,"href":"https:\/\/www.rauhalahtiroadrunners.com\/index.php?rest_route=%2Fwp%2Fv2%2Ftags&post=2316"}],"curies":[{"name":"wp","href":"https:\/\/api.w.org\/{rel}","templated":true}]}}