{"id":1409,"date":"2014-01-28T11:36:07","date_gmt":"2014-01-28T09:36:07","guid":{"rendered":"http:\/\/www.rauhalahtiroadrunners.com\/?p=1409"},"modified":"2014-02-18T14:35:52","modified_gmt":"2014-02-18T12:35:52","slug":"gran-canaria-maraton","status":"publish","type":"post","link":"https:\/\/www.rauhalahtiroadrunners.com\/?p=1409","title":{"rendered":"Gran Canaria Marat\u00f3n"},"content":{"rendered":"<p><a href=\"http:\/\/www.grancanariamaraton.com\/index.php?lang=en\" target=\"_blank\">Gran Canaria Marat\u00f3n<\/a> juostiin sunnuntaina 26.1.2014 Las Palmasissa Kanariansaarilla. Mukana oli muutama RRR:n j\u00e4senkin.<\/p>\n<p>Menestyst\u00e4kin tuli: Veijo oli ik\u00e4sarjansa (M60) paras maratonilla ja Matti ik\u00e4sarjansa (M65) kolmas puolikkaalla. Onnittelut!<\/p>\n<p><span style=\"text-decoration: underline;\">matka<\/span>\u00a0\u00a0\u00a0\u00a0\u00a0\u00a0\u00a0\u00a0\u00a0\u00a0\u00a0\u00a0\u00a0\u00a0 <span style=\"text-decoration: underline;\">nimi<\/span>\u00a0\u00a0\u00a0\u00a0\u00a0\u00a0\u00a0\u00a0\u00a0\u00a0\u00a0\u00a0\u00a0\u00a0\u00a0\u00a0 \u00a0\u00a0\u00a0\u00a0\u00a0\u00a0 <span style=\"text-decoration: underline;\">nettoaika<\/span>\u00a0\u00a0\u00a0\u00a0\u00a0\u00a0\u00a0\u00a0 <span style=\"text-decoration: underline;\">bruttoaika<\/span>\u00a0\u00a0\u00a0\u00a0\u00a0\u00a0\u00a0\u00a0 <span style=\"text-decoration: underline;\">sarja<\/span>\u00a0\u00a0\u00a0\u00a0\u00a0\u00a0\u00a0\u00a0\u00a0\u00a0 <span style=\"text-decoration: underline;\">sijoitus<\/span><\/p>\n<p>maraton\u00a0\u00a0\u00a0\u00a0\u00a0\u00a0\u00a0\u00a0 Veijo Korhonen\u00a0\u00a0\u00a0\u00a0\u00a0\u00a0\u00a0\u00a0 3:34:07\u00a0\u00a0\u00a0\u00a0\u00a0\u00a0\u00a0\u00a0\u00a0\u00a0\u00a0 3:34:42\u00a0\u00a0\u00a0\u00a0\u00a0\u00a0\u00a0\u00a0\u00a0\u00a0\u00a0\u00a0 V60M\u00a0\u00a0\u00a0\u00a0\u00a0\u00a0\u00a0\u00a0\u00a0 1.<br \/>\npuolikas\u00a0\u00a0\u00a0\u00a0\u00a0\u00a0\u00a0\u00a0\u00a0 Matti Siltanen\u00a0\u00a0\u00a0\u00a0 \u00a0\u00a0\u00a0\u00a0\u00a0 1:47:34\u00a0\u00a0\u00a0\u00a0\u00a0\u00a0\u00a0\u00a0\u00a0\u00a0\u00a0\u00a0 1:49:32\u00a0\u00a0\u00a0\u00a0\u00a0\u00a0\u00a0\u00a0\u00a0\u00a0\u00a0 V65M\u00a0\u00a0\u00a0 \u00a0\u00a0\u00a0\u00a0\u00a0 3.<br \/>\npuolikas\u00a0\u00a0\u00a0\u00a0\u00a0\u00a0\u00a0\u00a0\u00a0 Kari R\u00f6nkk\u00f6\u00a0\u00a0\u00a0\u00a0\u00a0\u00a0\u00a0\u00a0\u00a0\u00a0\u00a0\u00a0 1:49:25\u00a0\u00a0\u00a0\u00a0\u00a0\u00a0\u00a0\u00a0\u00a0\u00a0\u00a0\u00a0 1:49:33\u00a0\u00a0\u00a0\u00a0\u00a0\u00a0\u00a0\u00a0\u00a0\u00a0\u00a0 V55M\u00a0\u00a0\u00a0\u00a0\u00a0 \u00a0\u00a0\u00a0 29.<\/p>\n<p>Kaikki tulokset l\u00f6ytyv\u00e4t <a href=\"http:\/\/www.grancanariamaraton.com\/index.php?option=com_content&amp;view=article&amp;id=278\" target=\"_blank\">t\u00e4\u00e4lt\u00e4<\/a>.<\/p>\n<p>Veijon ja Matin kuvia tapahtumasta (klikkaa alla olevaa kuvaa):<\/p>\n<table style=\"width: 194px;\">\n<tbody>\n<tr>\n<td style=\"height: 194px; background: url('https:\/\/www.gstatic.com\/pwa\/s\/v\/lighthousefe_167.01\/transparent_album_background.gif') no-repeat left;\" align=\"center\"><a href=\"https:\/\/picasaweb.google.com\/110862520886183653495\/GranCanariaMaraton2612014?authuser=0&amp;authkey=Gv1sRgCPyKtf_TiOWeJQ&amp;feat=embedwebsite\"><img loading=\"lazy\" decoding=\"async\" style=\"margin: 1px 0 0 4px;\" alt=\"\" src=\"https:\/\/lh4.googleusercontent.com\/-OGwjuiZBVfw\/UwNN4sWTL7E\/AAAAAAAAH2U\/NtSi8_-FWWA\/s160-c\/GranCanariaMaraton2612014.jpg\" width=\"160\" height=\"160\" \/><\/a><\/td>\n<\/tr>\n<tr>\n<td style=\"text-align: center; font-family: arial,sans-serif; font-size: 11px;\"><a style=\"color: #4d4d4d; font-weight: bold; text-decoration: none;\" href=\"https:\/\/picasaweb.google.com\/110862520886183653495\/GranCanariaMaraton2612014?authuser=0&amp;authkey=Gv1sRgCPyKtf_TiOWeJQ&amp;feat=embedwebsite\">Gran Canaria Maraton 26.1.2014<\/a><\/td>\n<\/tr>\n<\/tbody>\n<\/table>\n","protected":false},"excerpt":{"rendered":"<p>Gran Canaria Marat\u00f3n juostiin sunnuntaina 26.1.2014 Las Palmasissa Kanariansaarilla. Mukana oli muutama RRR:n j\u00e4senkin. Menestyst\u00e4kin tuli: Veijo oli ik\u00e4sarjansa (M60) paras maratonilla ja Matti ik\u00e4sarjansa (M65) kolmas puolikkaalla. Onnittelut! matka\u00a0\u00a0\u00a0\u00a0\u00a0\u00a0\u00a0\u00a0\u00a0\u00a0\u00a0\u00a0\u00a0\u00a0 nimi\u00a0\u00a0\u00a0\u00a0\u00a0\u00a0\u00a0\u00a0\u00a0\u00a0\u00a0\u00a0\u00a0\u00a0\u00a0\u00a0 \u00a0\u00a0\u00a0\u00a0\u00a0\u00a0 nettoaika\u00a0\u00a0\u00a0\u00a0\u00a0\u00a0\u00a0\u00a0 bruttoaika\u00a0\u00a0\u00a0\u00a0\u00a0\u00a0\u00a0\u00a0 sarja\u00a0\u00a0\u00a0\u00a0\u00a0\u00a0\u00a0\u00a0\u00a0\u00a0 sijoitus maraton\u00a0\u00a0\u00a0\u00a0\u00a0\u00a0\u00a0\u00a0 Veijo Korhonen\u00a0\u00a0\u00a0\u00a0\u00a0\u00a0\u00a0\u00a0 3:34:07\u00a0\u00a0\u00a0\u00a0\u00a0\u00a0\u00a0\u00a0\u00a0\u00a0\u00a0 3:34:42\u00a0\u00a0\u00a0\u00a0\u00a0\u00a0\u00a0\u00a0\u00a0\u00a0\u00a0\u00a0 V60M\u00a0\u00a0\u00a0\u00a0\u00a0\u00a0\u00a0\u00a0\u00a0 1. puolikas\u00a0\u00a0\u00a0\u00a0\u00a0\u00a0\u00a0\u00a0\u00a0 Matti Siltanen\u00a0\u00a0\u00a0\u00a0 \u00a0\u00a0\u00a0\u00a0\u00a0 1:47:34\u00a0\u00a0\u00a0\u00a0\u00a0\u00a0\u00a0\u00a0\u00a0\u00a0\u00a0\u00a0 1:49:32\u00a0\u00a0\u00a0\u00a0\u00a0\u00a0\u00a0\u00a0\u00a0\u00a0\u00a0 V65M\u00a0\u00a0\u00a0 \u00a0\u00a0\u00a0\u00a0\u00a0 3. puolikas\u00a0\u00a0\u00a0\u00a0\u00a0\u00a0\u00a0\u00a0\u00a0 Kari R\u00f6nkk\u00f6\u00a0\u00a0\u00a0\u00a0\u00a0\u00a0\u00a0\u00a0\u00a0\u00a0\u00a0\u00a0 &#8230; <a title=\"Gran Canaria Marat\u00f3n\" class=\"read-more\" href=\"https:\/\/www.rauhalahtiroadrunners.com\/?p=1409\" aria-label=\"Lue lis\u00e4\u00e4 aiheesta Gran Canaria Marat\u00f3n\">Lue lis\u00e4\u00e4<\/a><\/p>\n","protected":false},"author":3,"featured_media":0,"comment_status":"closed","ping_status":"open","sticky":false,"template":"","format":"standard","meta":{"footnotes":""},"categories":[7],"tags":[],"class_list":["post-1409","post","type-post","status-publish","format-standard","hentry","category-juoksutapahtumat"],"_links":{"self":[{"href":"https:\/\/www.rauhalahtiroadrunners.com\/index.php?rest_route=\/wp\/v2\/posts\/1409","targetHints":{"allow":["GET"]}}],"collection":[{"href":"https:\/\/www.rauhalahtiroadrunners.com\/index.php?rest_route=\/wp\/v2\/posts"}],"about":[{"href":"https:\/\/www.rauhalahtiroadrunners.com\/index.php?rest_route=\/wp\/v2\/types\/post"}],"author":[{"embeddable":true,"href":"https:\/\/www.rauhalahtiroadrunners.com\/index.php?rest_route=\/wp\/v2\/users\/3"}],"replies":[{"embeddable":true,"href":"https:\/\/www.rauhalahtiroadrunners.com\/index.php?rest_route=%2Fwp%2Fv2%2Fcomments&post=1409"}],"version-history":[{"count":8,"href":"https:\/\/www.rauhalahtiroadrunners.com\/index.php?rest_route=\/wp\/v2\/posts\/1409\/revisions"}],"predecessor-version":[{"id":1433,"href":"https:\/\/www.rauhalahtiroadrunners.com\/index.php?rest_route=\/wp\/v2\/posts\/1409\/revisions\/1433"}],"wp:attachment":[{"href":"https:\/\/www.rauhalahtiroadrunners.com\/index.php?rest_route=%2Fwp%2Fv2%2Fmedia&parent=1409"}],"wp:term":[{"taxonomy":"category","embeddable":true,"href":"https:\/\/www.rauhalahtiroadrunners.com\/index.php?rest_route=%2Fwp%2Fv2%2Fcategories&post=1409"},{"taxonomy":"post_tag","embeddable":true,"href":"https:\/\/www.rauhalahtiroadrunners.com\/index.php?rest_route=%2Fwp%2Fv2%2Ftags&post=1409"}],"curies":[{"name":"wp","href":"https:\/\/api.w.org\/{rel}","templated":true}]}}